{"id":612,"date":"2024-09-30T13:48:51","date_gmt":"2024-09-30T13:48:51","guid":{"rendered":"https:\/\/szolnokszivem.hu\/?p=612"},"modified":"2024-09-30T13:50:17","modified_gmt":"2024-09-30T13:50:17","slug":"szolnok-varos-fenntarthato-varosi-mobilitasi-terve-2","status":"publish","type":"post","link":"https:\/\/szolnokszivem.hu\/?p=612","title":{"rendered":"Szolnok v\u00e1ros Fenntarthat\u00f3 V\u00e1rosi Mobilit\u00e1si Terve"},"content":{"rendered":"<p>[et_pb_section fb_built=&#8221;1&#8243; admin_label=&#8221;section&#8221; _builder_version=&#8221;4.16&#8243; global_colors_info=&#8221;{}&#8221;][et_pb_row column_structure=&#8221;1_5,3_5,1_5&#8243; admin_label=&#8221;row&#8221; _builder_version=&#8221;4.16&#8243; background_size=&#8221;initial&#8221; background_position=&#8221;top_left&#8221; background_repeat=&#8221;repeat&#8221; global_colors_info=&#8221;{}&#8221;][et_pb_column type=&#8221;1_5&#8243; _builder_version=&#8221;4.16&#8243; custom_padding=&#8221;|||&#8221; global_colors_info=&#8221;{}&#8221; custom_padding__hover=&#8221;|||&#8221;][\/et_pb_column][et_pb_column type=&#8221;3_5&#8243; _builder_version=&#8221;4.16&#8243; custom_padding=&#8221;|||&#8221; global_colors_info=&#8221;{}&#8221; custom_padding__hover=&#8221;|||&#8221;][et_pb_post_title author=&#8221;off&#8221; date_format=&#8221;Y.m.d. &#8211; G:i&#8221; categories=&#8221;off&#8221; comments=&#8221;off&#8221; featured_image=&#8221;off&#8221; _builder_version=&#8221;4.19.4&#8243; _module_preset=&#8221;default&#8221; title_font=&#8221;saira-bold||||||||&#8221; global_colors_info=&#8221;{}&#8221;][\/et_pb_post_title][\/et_pb_column][et_pb_column type=&#8221;1_5&#8243; _builder_version=&#8221;4.16&#8243; custom_padding=&#8221;|||&#8221; global_colors_info=&#8221;{}&#8221; custom_padding__hover=&#8221;|||&#8221;][\/et_pb_column][\/et_pb_row][et_pb_row column_structure=&#8221;1_5,3_5,1_5&#8243; _builder_version=&#8221;4.19.4&#8243; _module_preset=&#8221;default&#8221; global_colors_info=&#8221;{}&#8221;][et_pb_column type=&#8221;1_5&#8243; _builder_version=&#8221;4.19.4&#8243; _module_preset=&#8221;default&#8221; global_colors_info=&#8221;{}&#8221;][\/et_pb_column][et_pb_column type=&#8221;3_5&#8243; _builder_version=&#8221;4.19.4&#8243; _module_preset=&#8221;default&#8221; global_colors_info=&#8221;{}&#8221;][et_pb_text _builder_version=&#8221;4.19.4&#8243; _module_preset=&#8221;default&#8221; text_font=&#8221;saira||||||||&#8221; text_font_size=&#8221;16px&#8221; text_orientation=&#8221;justified&#8221; global_colors_info=&#8221;{}&#8221;]<\/p>\n<p style=\"font-weight: 400;\"><span>Szolnok Megyei Jog\u00fa V\u00e1ros \u00d6nkorm\u00e1nyzata a TOP_PLUSZ-1.3.1-21-JN1-2022-00001 azonos\u00edt\u00f3sz\u00e1m\u00fa, \u201eSzolnok \u00e9s t\u00e9rs\u00e9ge Fenntarthat\u00f3 V\u00e1rosfejleszt\u00e9si Strat\u00e9gi\u00e1ja\u201d c\u00edm\u0171 projekt keret\u00e9ben elk\u00e9sz\u00edttette a Szolnok v\u00e1ros Fenntarthat\u00f3 V\u00e1rosi Mobilit\u00e1si Terv\u00e9t, mely a v\u00e1ros \u00e9s a k\u00f6rnyez\u0151 t\u00e9rs\u00e9g k\u00f6z\u00e9p- \u00e9s hossz\u00fat\u00e1v\u00fa k\u00f6zleked\u00e9sfejleszt\u00e9si strat\u00e9gi\u00e1j\u00e1t hat\u00e1rozza meg, illetve mag\u00e1ban foglal egy r\u00f6vid t\u00e1v\u00fa cselekv\u00e9si tervet is, megc\u00e9lozva a legfontosabb \u00e9s els\u0151dleges priorit\u00e1sk\u00e9nt kezelend\u0151 f\u0151bb probl\u00e9m\u00e1kat.<\/span><\/p>\n<p><span style=\"font-weight: 400;\"><span>\u00d6nkorm\u00e1nyzatunk sz\u00e1m\u00e1ra fontos, hogy a k\u00f6zleked\u00e9s r\u00e9sztvev\u0151i, els\u0151sorban a k\u00f6rnyez\u0151 telep\u00fcl\u00e9sek \u00e9s v\u00e1rosunk polg\u00e1rai, a szakmai szervezetek megismerj\u00e9k a dokumentum tartalm\u00e1t, \u00e9s megfogalmazhass\u00e1k k\u00e9rd\u00e9seiket, v\u00e9lem\u00e9ny\u00fcket, melyre 2024. okt\u00f3ber 31-ig van lehet\u0151s\u00e9g \u00edr\u00e1sban, az\u00a0<a href=\"mailto:ecomanager@ph.szolnok.hu\">ecomanager@ph.szolnok.hu<\/a>\u00a0e-mail-c\u00edmre k\u00fcld\u00f6tt elektronikus \u00fczenet form\u00e1j\u00e1ban, vagy a Polg\u00e1rmesteri Hivatal f\u0151port\u00e1j\u00e1n erre a c\u00e9lra elhelyezett v\u00e9lem\u00e9nygy\u0171jt\u0151 doboz haszn\u00e1lat\u00e1val, v\u00e1laszc\u00edm vagy v\u00e1lasz e-mail-c\u00edm megjel\u00f6l\u00e9s\u00e9vel.<\/span><\/span><\/p>\n<p>R\u00e9szletek:<span style=\"font-weight: 400;\"><span><\/span><\/span><\/p>\n<p><a href=\"https:\/\/info.szolnok.hu\/varosfejlesztesi-strategiai-tervek-m844\">https:\/\/info.szolnok.hu\/varosfejlesztesi-strategiai-tervek-m844<\/a><\/p>\n<p><a href=\"https:\/\/life.szolnok.hu\/szolnok-varos-fenntarthato-varosi-mobilitasi-terv\/\">https:\/\/life.szolnok.hu\/szolnok-varos-fenntarthato-varosi-mobilitasi-terv\/<\/a><\/p>\n<p><a href=\"https:\/\/szolnokszivem.hu\/wp-content\/uploads\/2024\/09\/Szolnok_SUMP_v1.0_mod.pdf\" target=\"_blank\" rel=\"noopener\">PDF let\u00f6lt\u00e9s<\/a><\/p>\n<p>&nbsp;<\/p>\n<p>&nbsp;<\/p>\n<p><span style=\"font-weight: 400;\"><span><\/span><\/span><\/p>\n<p>[\/et_pb_text][\/et_pb_column][et_pb_column type=&#8221;1_5&#8243; _builder_version=&#8221;4.19.4&#8243; _module_preset=&#8221;default&#8221; global_colors_info=&#8221;{}&#8221;][\/et_pb_column][\/et_pb_row][\/et_pb_section]<\/p>\n","protected":false},"excerpt":{"rendered":"<p>Szolnok Megyei Jog\u00fa V\u00e1ros \u00d6nkorm\u00e1nyzata a TOP_PLUSZ-1.3.1-21-JN1-2022-00001 azonos\u00edt\u00f3sz\u00e1m\u00fa, \u201eSzolnok \u00e9s t\u00e9rs\u00e9ge Fenntarthat\u00f3 V\u00e1rosfejleszt\u00e9si Strat\u00e9gi\u00e1ja\u201d c\u00edm\u0171 projekt keret\u00e9ben elk\u00e9sz\u00edttette a Szolnok v\u00e1ros Fenntarthat\u00f3 V\u00e1rosi Mobilit\u00e1si Terv\u00e9t, mely a v\u00e1ros \u00e9s a k\u00f6rnyez\u0151 t\u00e9rs\u00e9g k\u00f6z\u00e9p- \u00e9s hossz\u00fat\u00e1v\u00fa k\u00f6zleked\u00e9sfejleszt\u00e9si strat\u00e9gi\u00e1j\u00e1t hat\u00e1rozza meg, illetve mag\u00e1ban foglal egy r\u00f6vid t\u00e1v\u00fa cselekv\u00e9si tervet is, megc\u00e9lozva a legfontosabb \u00e9s els\u0151dleges priorit\u00e1sk\u00e9nt kezelend\u0151 [&hellip;]<\/p>\n","protected":false},"author":5,"featured_media":149,"comment_status":"open","ping_status":"open","sticky":false,"template":"","format":"standard","meta":{"_et_pb_use_builder":"on","_et_pb_old_content":"","_et_gb_content_width":"","footnotes":""},"categories":[6],"tags":[],"class_list":["post-612","post","type-post","status-publish","format-standard","has-post-thumbnail","hentry","category-hirek"],"_links":{"self":[{"href":"https:\/\/szolnokszivem.hu\/index.php?rest_route=\/wp\/v2\/posts\/612","targetHints":{"allow":["GET"]}}],"collection":[{"href":"https:\/\/szolnokszivem.hu\/index.php?rest_route=\/wp\/v2\/posts"}],"about":[{"href":"https:\/\/szolnokszivem.hu\/index.php?rest_route=\/wp\/v2\/types\/post"}],"author":[{"embeddable":true,"href":"https:\/\/szolnokszivem.hu\/index.php?rest_route=\/wp\/v2\/users\/5"}],"replies":[{"embeddable":true,"href":"https:\/\/szolnokszivem.hu\/index.php?rest_route=%2Fwp%2Fv2%2Fcomments&post=612"}],"version-history":[{"count":4,"href":"https:\/\/szolnokszivem.hu\/index.php?rest_route=\/wp\/v2\/posts\/612\/revisions"}],"predecessor-version":[{"id":617,"href":"https:\/\/szolnokszivem.hu\/index.php?rest_route=\/wp\/v2\/posts\/612\/revisions\/617"}],"wp:featuredmedia":[{"embeddable":true,"href":"https:\/\/szolnokszivem.hu\/index.php?rest_route=\/wp\/v2\/media\/149"}],"wp:attachment":[{"href":"https:\/\/szolnokszivem.hu\/index.php?rest_route=%2Fwp%2Fv2%2Fmedia&parent=612"}],"wp:term":[{"taxonomy":"category","embeddable":true,"href":"https:\/\/szolnokszivem.hu\/index.php?rest_route=%2Fwp%2Fv2%2Fcategories&post=612"},{"taxonomy":"post_tag","embeddable":true,"href":"https:\/\/szolnokszivem.hu\/index.php?rest_route=%2Fwp%2Fv2%2Ftags&post=612"}],"curies":[{"name":"wp","href":"https:\/\/api.w.org\/{rel}","templated":true}]}}